{"id":29700,"date":"2023-02-28T14:31:23","date_gmt":"2023-02-28T12:31:23","guid":{"rendered":"https:\/\/blog.inspiritmutua.com\/cat\/?p=29700"},"modified":"2023-02-28T14:31:24","modified_gmt":"2023-02-28T12:31:24","slug":"perdut-maletes-que-fer","status":"publish","type":"post","link":"https:\/\/blog.inspiritmutua.com\/cat\/perdut-maletes-que-fer\/","title":{"rendered":"M&#8217;han perdut les maletes. Qu\u00e8 he de fer?"},"content":{"rendered":"\n<p>Acaben de comen\u00e7ar les vacances que t\u2019ha costat planejar durant tots aquests mesos. Has arribat a l\u2019aeroport de la teva destinaci\u00f3 i just ara t\u2019han dit que les teves maletes s\u2019han extraviat. Tot i que no portessis res de valor, et morts de r\u00e0bia i desesperaci\u00f3.<strong> Qu\u00e8 far\u00e0s ara sense les teves maletes?<\/strong><\/p>\n\n\n\n<div id=\"ez-toc-container\" class=\"ez-toc-v2_0_80 counter-hierarchy ez-toc-counter ez-toc-grey ez-toc-container-direction\">\n<div class=\"ez-toc-title-container\"><p class=\"ez-toc-title\" style=\"cursor:inherit\">Taula de continguts<\/p>\n<\/div><nav><ul class='ez-toc-list ez-toc-list-level-1 ' ><li class='ez-toc-page-1 ez-toc-heading-level-2'><a class=\"ez-toc-link ez-toc-heading-1\" href=\"https:\/\/blog.inspiritmutua.com\/cat\/perdut-maletes-que-fer\/#Procura_calmar-te\" >Procura calmar-te<\/a><\/li><li class='ez-toc-page-1 ez-toc-heading-level-2'><a class=\"ez-toc-link ez-toc-heading-2\" href=\"https:\/\/blog.inspiritmutua.com\/cat\/perdut-maletes-que-fer\/#Omple_el_document_dincidencies\" >Omple el document d\u2019incid\u00e8ncies<\/a><\/li><li class='ez-toc-page-1 ez-toc-heading-level-2'><a class=\"ez-toc-link ez-toc-heading-3\" href=\"https:\/\/blog.inspiritmutua.com\/cat\/perdut-maletes-que-fer\/#Ara_nomes_has_desperar\" >Ara, nom\u00e9s has d\u2019esperar<\/a><\/li><li class='ez-toc-page-1 ez-toc-heading-level-2'><a class=\"ez-toc-link ez-toc-heading-4\" href=\"https:\/\/blog.inspiritmutua.com\/cat\/perdut-maletes-que-fer\/#Que_passa_transcorreguts_21_dies\" >Qu\u00e8 passa transcorreguts 21 dies?<\/a><\/li><li class='ez-toc-page-1 ez-toc-heading-level-2'><a class=\"ez-toc-link ez-toc-heading-5\" href=\"https:\/\/blog.inspiritmutua.com\/cat\/perdut-maletes-que-fer\/#Com_puc_evitar_que_em_perdin_les_maletes\" >Com puc evitar que em perdin les maletes?<\/a><\/li><\/ul><\/nav><\/div>\n<h2 class=\"wp-block-heading\"><span class=\"ez-toc-section\" id=\"Procura_calmar-te\"><\/span>Procura calmar-te<span class=\"ez-toc-section-end\"><\/span><\/h2>\n\n\n\n<p>Primerament, has de saber que, aproximadament, <strong>el 90% de les maletes perdudes acaben tornant al seu propietari o propiet\u00e0ria<\/strong>. Al final, \u00e9s q\u00fcesti\u00f3 de temps que les maletes arribin a les teves mans. Tot i aix\u00f2, <strong>et recomanem que no esperis en fer la reclamaci\u00f3<\/strong>. Si t\u2019han perdut l\u2019equipatge, has de reclamar l\u2019abans possible.<\/p>\n\n\n\n<h2 class=\"wp-block-heading\"><span class=\"ez-toc-section\" id=\"Omple_el_document_dincidencies\"><\/span>Omple el document d\u2019incid\u00e8ncies<span class=\"ez-toc-section-end\"><\/span><\/h2>\n\n\n\n<p>Dirigeix-te a l\u2019aparador del <strong>Punt d\u2019Informaci\u00f3<\/strong>, ubicat a prop de les cintes transportadores, i sol\u00b7licita el <strong>document d\u2019irregularitat d\u2019equipatges<\/strong>. All\u00e0 no te\u2019l donaran, sin\u00f3 que t\u2019acompanyaran a l\u2019aparador dels responsables de les maletes de la companyia a\u00e8ria amb la qual has viatjat o, si no, al seu aparador general. Si has viatjat amb diferents aerol\u00ednies, pots reclamar-ho en qualsevol de les dues, ja que s\u00f3n igualment responsables.<\/p>\n\n\n\n<h2 class=\"wp-block-heading\"><span class=\"ez-toc-section\" id=\"Ara_nomes_has_desperar\"><\/span>Ara, nom\u00e9s has d\u2019esperar<span class=\"ez-toc-section-end\"><\/span><\/h2>\n\n\n\n<p>Una vegada ho hagis complimentat tot, nom\u00e9s has d\u2019esperar. Hi ha algunes empreses que t\u2019ofereixen un <strong>nombre de seguiment<\/strong> per saber en quin estat est\u00e0 la reclamaci\u00f3 que has posat, tot i que no totes ofereixen aquest servei. En aquest \u00faltim cas, <strong>el millor \u00e9s que truquis de manera peri\u00f2dica per con\u00e8ixer l\u2019estat de la reclamaci\u00f3<\/strong>.<\/p>\n\n\n\n<h2 class=\"wp-block-heading\"><span class=\"ez-toc-section\" id=\"Que_passa_transcorreguts_21_dies\"><\/span>Qu\u00e8 passa transcorreguts 21 dies?<span class=\"ez-toc-section-end\"><\/span><\/h2>\n\n\n\n<p>Despr\u00e9s de 21 dies, l\u2019aerol\u00ednia tractar\u00e0 la teva reclamaci\u00f3 segons una p\u00e8rdua d\u2019equipatge. Segons la normativa europea, <strong>la indemnitzaci\u00f3 ser\u00e0 de fins a 1.350\u20ac<\/strong>. Pel que fa a la p\u00e8rdua del contingut de la maleta, haur\u00e0s de fer una llista amb tot el que portaves, especificant la marca, l\u2019any en qu\u00e8 ho vas adquirir i el model. L\u2019aerol\u00ednia far\u00e0 una avaluaci\u00f3 i t\u2019ingressar\u00e0 la quantitat que cregui id\u00f2nia.<\/p>\n\n\n\n<h2 class=\"wp-block-heading\"><span class=\"ez-toc-section\" id=\"Com_puc_evitar_que_em_perdin_les_maletes\"><\/span>Com puc evitar que em perdin les maletes?<span class=\"ez-toc-section-end\"><\/span><\/h2>\n\n\n\n<p>El m\u00e9s segur \u00e9s que <strong>evitis facturar maletes<\/strong>, ja que d\u2019aquesta manera no et separar\u00e0s de l\u2019equipatge. Tot i aix\u00f2, aquest m\u00e8tode no \u00e9s sempre possible. Per estalviar-se mals de cap i preocupacions, ja viatgis amb equipatge de m\u00e0 o el facturis, <strong>el m\u00e9s segur \u00e9s que contractis una asseguran\u00e7a de viatge<\/strong>. A <a href=\"https:\/\/www.inspiritmutua.com\/ca\/\">Inspirit Mutua<\/a> t\u2019oferim una <strong>asseguran\u00e7a de viatge<\/strong> que et cobrir\u00e0 davant de qualsevol esdeveniment.<\/p>\n\n\n\n<p><strong>Cobrim<\/strong>:<\/p>\n\n\n\n<ul class=\"wp-block-list\"><li>Cerca, localitzaci\u00f3, p\u00e8rdua, danys, robatori o demora de l\u2019equipatge.<\/li><li>Despeses m\u00e8diques originades per esports d\u2019aventura.<\/li><li>Despeses odontol\u00f2giques a l\u2019estranger.<\/li><li>Trasllat sanitari de malalts i ferits.<\/li><li>Prolongaci\u00f3 de l\u2019estada a l\u2019hotel per malaltia sobrevinguda o accident.<\/li><li>Tornada anticipada dels acompanyants dels assegurats\/des.<\/li><li>Despla\u00e7ament d\u2019una persona per acompanyar l\u2019assegurat hospitalitzat.<\/li><li>Trasllat de restes mortals.<\/li><li>Acompanyament de restes mortals.<\/li><li>Altres garanties complement\u00e0ries: transmissi\u00f3 de missatges urgents, enviament de documents personals a l\u2019estranger, retorn de l\u2019assegurat en cas de defunci\u00f3 d\u2019un familiar directe, entre altres.<\/li><\/ul>\n\n\n\n<p><strong>Dubtes<\/strong>? <a href=\"https:\/\/wa.me\/message\/AA7URW4D3M43K1\/\" target=\"_blank\" rel=\"noopener\">Envia\u2019ns un WhatsApp.<\/a> <strong>T\u2019atendrem sense cap mena de comprom\u00eds<\/strong>.<\/p>\n\n\n\n<figure class=\"wp-block-image size-large\"><a href=\"https:\/\/blog.inspiritmutua.com\/cat\/wp-content\/uploads\/sites\/2\/2023\/02\/maletes-CAT.png\"><img fetchpriority=\"high\" decoding=\"async\" width=\"1024\" height=\"683\" src=\"https:\/\/blog.inspiritmutua.com\/cat\/wp-content\/uploads\/sites\/2\/2023\/02\/maletes-CAT-1024x683.png\" alt=\"\" class=\"wp-image-29704\" srcset=\"https:\/\/blog.inspiritmutua.com\/cat\/wp-content\/uploads\/sites\/2\/2023\/02\/maletes-CAT-1024x683.png 1024w, https:\/\/blog.inspiritmutua.com\/cat\/wp-content\/uploads\/sites\/2\/2023\/02\/maletes-CAT-300x200.png 300w, https:\/\/blog.inspiritmutua.com\/cat\/wp-content\/uploads\/sites\/2\/2023\/02\/maletes-CAT-768x512.png 768w, https:\/\/blog.inspiritmutua.com\/cat\/wp-content\/uploads\/sites\/2\/2023\/02\/maletes-CAT-1536x1024.png 1536w, https:\/\/blog.inspiritmutua.com\/cat\/wp-content\/uploads\/sites\/2\/2023\/02\/maletes-CAT-2048x1365.png 2048w\" sizes=\"(max-width: 1024px) 100vw, 1024px\" \/><\/a><\/figure>\n","protected":false},"excerpt":{"rendered":"<p> Has arribat a l\u2019aeroport de la teva destinaci\u00f3 i just ara t\u2019han dit que les teves maletes s\u2019han extraviat. Tot i que no portessis res de valor, et morts de r\u00e0bia i desesperaci\u00f3. Qu\u00e8 far\u00e0s ara sense les teves maletes?<\/p>\n","protected":false},"author":8,"featured_media":29702,"comment_status":"closed","ping_status":"closed","sticky":false,"template":"","format":"standard","meta":{"footnotes":""},"categories":[21],"tags":[422,10,86,599],"class_list":["post-29700","post","type-post","status-publish","format-standard","has-post-thumbnail","hentry","category-assegurances-joves","tag-asseguranca-de-viatge","tag-inspirit-mutua","tag-la-mutua-dels-enginyers","tag-maletes"],"_links":{"self":[{"href":"https:\/\/blog.inspiritmutua.com\/cat\/wp-json\/wp\/v2\/posts\/29700","targetHints":{"allow":["GET"]}}],"collection":[{"href":"https:\/\/blog.inspiritmutua.com\/cat\/wp-json\/wp\/v2\/posts"}],"about":[{"href":"https:\/\/blog.inspiritmutua.com\/cat\/wp-json\/wp\/v2\/types\/post"}],"author":[{"embeddable":true,"href":"https:\/\/blog.inspiritmutua.com\/cat\/wp-json\/wp\/v2\/users\/8"}],"replies":[{"embeddable":true,"href":"https:\/\/blog.inspiritmutua.com\/cat\/wp-json\/wp\/v2\/comments?post=29700"}],"version-history":[{"count":3,"href":"https:\/\/blog.inspiritmutua.com\/cat\/wp-json\/wp\/v2\/posts\/29700\/revisions"}],"predecessor-version":[{"id":29705,"href":"https:\/\/blog.inspiritmutua.com\/cat\/wp-json\/wp\/v2\/posts\/29700\/revisions\/29705"}],"wp:featuredmedia":[{"embeddable":true,"href":"https:\/\/blog.inspiritmutua.com\/cat\/wp-json\/wp\/v2\/media\/29702"}],"wp:attachment":[{"href":"https:\/\/blog.inspiritmutua.com\/cat\/wp-json\/wp\/v2\/media?parent=29700"}],"wp:term":[{"taxonomy":"category","embeddable":true,"href":"https:\/\/blog.inspiritmutua.com\/cat\/wp-json\/wp\/v2\/categories?post=29700"},{"taxonomy":"post_tag","embeddable":true,"href":"https:\/\/blog.inspiritmutua.com\/cat\/wp-json\/wp\/v2\/tags?post=29700"}],"curies":[{"name":"wp","href":"https:\/\/api.w.org\/{rel}","templated":true}]}}