{"id":29467,"date":"2022-02-23T11:22:54","date_gmt":"2022-02-23T09:22:54","guid":{"rendered":"https:\/\/blog.inspiritmutua.com\/cat\/?p=29467"},"modified":"2022-02-23T11:22:56","modified_gmt":"2022-02-23T09:22:56","slug":"requisits-rebre-ajut-de-lloguer-joves","status":"publish","type":"post","link":"https:\/\/blog.inspiritmutua.com\/cat\/requisits-rebre-ajut-de-lloguer-joves\/","title":{"rendered":"Quins s\u00f3n els requisits per rebre l\u2019ajut de lloguer per a joves?"},"content":{"rendered":"\n<p>El <strong>Consell de Ministres<\/strong> ha aprovat el <strong>bo de 250 euros mensuals<\/strong> d\u2019ajuda per a joves d\u2019entre els 18 i els 35 anys, que neix amb l\u2019objectiu de facilitar la seva emancipaci\u00f3. La mesura va entrar en vigor l\u20191 de gener de 2022, tot i que encara no s\u2019ha obert la convocat\u00f2ria.<\/p>\n\n\n\n<p>L\u2019ajuda est\u00e0 <strong>desvinculada a l\u2019habitatge<\/strong> i, per tant, es pot donar el cas que dos joves convivents rebin la mateixa ajuda. A m\u00e9s a m\u00e9s, l\u2019ajuda \u00e9s compatible amb les que comparteixen el mateix prop\u00f2sit. \u00c9s el cas de les prestacions no contributives de la Seguretat Social i l\u2019ingr\u00e9s m\u00ednim vital. Tanmateix, la suma de totes elles no podr\u00e0 superar la quantia total del lloguer.<\/p>\n\n\n\n<figure class=\"wp-block-image size-large\"><img fetchpriority=\"high\" decoding=\"async\" width=\"1024\" height=\"683\" src=\"https:\/\/blog.inspiritmutua.com\/cat\/wp-content\/uploads\/sites\/2\/2022\/02\/jove-lloguer-1024x683.jpg\" alt=\"\" class=\"wp-image-29468\" srcset=\"https:\/\/blog.inspiritmutua.com\/cat\/wp-content\/uploads\/sites\/2\/2022\/02\/jove-lloguer-1024x683.jpg 1024w, https:\/\/blog.inspiritmutua.com\/cat\/wp-content\/uploads\/sites\/2\/2022\/02\/jove-lloguer-300x200.jpg 300w, https:\/\/blog.inspiritmutua.com\/cat\/wp-content\/uploads\/sites\/2\/2022\/02\/jove-lloguer-768x512.jpg 768w, https:\/\/blog.inspiritmutua.com\/cat\/wp-content\/uploads\/sites\/2\/2022\/02\/jove-lloguer.jpg 1500w\" sizes=\"(max-width: 1024px) 100vw, 1024px\" \/><\/figure>\n\n\n\n<div id=\"ez-toc-container\" class=\"ez-toc-v2_0_80 counter-hierarchy ez-toc-counter ez-toc-grey ez-toc-container-direction\">\n<div class=\"ez-toc-title-container\"><p class=\"ez-toc-title\" style=\"cursor:inherit\">Taula de continguts<\/p>\n<\/div><nav><ul class='ez-toc-list ez-toc-list-level-1 ' ><li class='ez-toc-page-1 ez-toc-heading-level-2'><a class=\"ez-toc-link ez-toc-heading-1\" href=\"https:\/\/blog.inspiritmutua.com\/cat\/requisits-rebre-ajut-de-lloguer-joves\/#Qualsevol_jove_pot_demanar_lajut_de_lloguer\" >Qualsevol jove pot demanar l\u2019ajut de lloguer?<\/a><\/li><li class='ez-toc-page-1 ez-toc-heading-level-2'><a class=\"ez-toc-link ez-toc-heading-2\" href=\"https:\/\/blog.inspiritmutua.com\/cat\/requisits-rebre-ajut-de-lloguer-joves\/#Serveix_per_a_qualsevol_llar\" >Serveix per a qualsevol llar?<\/a><\/li><li class='ez-toc-page-1 ez-toc-heading-level-2'><a class=\"ez-toc-link ez-toc-heading-3\" href=\"https:\/\/blog.inspiritmutua.com\/cat\/requisits-rebre-ajut-de-lloguer-joves\/#Com_es_pot_sollicitar\" >Com es pot sol\u00b7licitar?<\/a><\/li><li class='ez-toc-page-1 ez-toc-heading-level-2'><a class=\"ez-toc-link ez-toc-heading-4\" href=\"https:\/\/blog.inspiritmutua.com\/cat\/requisits-rebre-ajut-de-lloguer-joves\/#Protegeix_la_teva_nova_llar\" >Protegeix la teva nova llar<\/a><\/li><\/ul><\/nav><\/div>\n<h2 class=\"wp-block-heading\" id=\"qualsevol-jove-pot-demanar-l-ajut-de-lloguer\"><span class=\"ez-toc-section\" id=\"Qualsevol_jove_pot_demanar_lajut_de_lloguer\"><\/span>Qualsevol jove pot demanar l\u2019ajut de lloguer?<span class=\"ez-toc-section-end\"><\/span><\/h2>\n\n\n\n<p>El bo de 250 euros mensuals nom\u00e9s el podran rebre els <strong>joves d\u2019entre els 18 i 35 anys<\/strong> amb un <strong>sou inferior a 24.318 euros anuals<\/strong>. Aquests seran els beneficiaris i benefici\u00e0ries de l\u2019ajuda durant una <strong>durada m\u00e0xima de dos anys<\/strong>.<\/p>\n\n\n\n<h2 class=\"wp-block-heading\" id=\"serveix-per-a-qualsevol-llar\"><span class=\"ez-toc-section\" id=\"Serveix_per_a_qualsevol_llar\"><\/span>Serveix per a qualsevol llar?<span class=\"ez-toc-section-end\"><\/span><\/h2>\n\n\n\n<p>L\u2019habitatge pel qual es demani l\u2019ajuda ha de ser la <strong>resid\u00e8ncia habitual<\/strong> de qui la sol\u00b7licita i ha de constar com a <strong>arrendatari en el contracte<\/strong>. L\u2019import del lloguer ha de ser com a <strong>m\u00e0xim de 600 euros al mes<\/strong> i, en el cas que sigui una sola habitaci\u00f3, <strong>300 euros<\/strong>. Tot i aix\u00f2, hi ha excepcions. Les comunitats aut\u00f2nomes seran les encarregades d\u2019ampliar aquests m\u00e0xims a les zones amb els preus m\u00e9s elevats, com \u00e9s el cas de Barcelona o Madrid.<\/p>\n\n\n\n<h2 class=\"wp-block-heading\" id=\"com-es-pot-sol-licitar\"><span class=\"ez-toc-section\" id=\"Com_es_pot_sollicitar\"><\/span>Com es pot sol\u00b7licitar?<span class=\"ez-toc-section-end\"><\/span><\/h2>\n\n\n\n<p>El bo dirigit als joves es podr\u00e0 sol\u00b7licitar, segons fonts oficials, en una mica menys d\u2019un mes, tot i que t\u00e9 car\u00e0cter retroactiu des de l\u20191 de gener d\u2019aquest any, 2022. Es podr\u00e0 demanar a les <strong>oficines del departament d\u2019Habitatge de les Comunitats Aut\u00f2nomes<\/strong> de forma presencial i telem\u00e0tica, ja que encara que ha sigut una mesura implantada pel Govern, seran les autonomies que hauran de gestionar-ho. Et deixem un <a href=\"https:\/\/www.mitma.gob.es\/arquitectura-vivienda-y-suelo\/politica-de-vivienda\/enlaces-comunidades-autonomas-ceuta-y-melilla\" target=\"_blank\" rel=\"noopener\">enlla\u00e7<\/a> per accedir al pla estatal d\u2019habitatge de la teva comunitat aut\u00f2noma.<\/p>\n\n\n\n<h2 class=\"wp-block-heading\" id=\"protegeix-la-teva-nova-llar\"><span class=\"ez-toc-section\" id=\"Protegeix_la_teva_nova_llar\"><\/span>Protegeix la teva nova llar<span class=\"ez-toc-section-end\"><\/span><\/h2>\n\n\n\n<p>Ara ja pots pensar a emancipar-te. No obstant aix\u00f2, has de tenir en compte que pots necessitar una <strong>asseguran\u00e7a de la llar<\/strong>. Quan pensem en un sinistre de la llar, normalment se\u2019ns ve al cap un robatori, per\u00f2 un 60% dels sinistres estan relacionats amb fuites d\u2019aigua o responsabilitat civil. \u00c9s cert que a la llarga surt a compte contractar una asseguran\u00e7a de la llar i estar\u00e0s m\u00e9s protegit o protegida davant de qualsevol accident o inconvenient.<\/p>\n\n\n\n<p>A <strong>Inspirit Mutua<\/strong> oferim una <a href=\"https:\/\/www.mutua-enginyers.com\/particulars\/assegurances_de_danys_materials\/asseguranca_de_la_llar\" target=\"_blank\" rel=\"noopener\">asseguran\u00e7a de la llar<\/a> a trav\u00e9s de <strong>Serpreco<\/strong>, corredoria d\u2019assegurances del <strong>Grup La M\u00fatua dels Enginyers<\/strong>. Mitjan\u00e7ant un servei de qualitat i personalitzat, et presentem des de les garanties m\u00e9s b\u00e0siques fins a les m\u00e9s completes per oferir-te un <strong>tracte personalitzat<\/strong>. Podr\u00e0s trobar les cobertures que m\u00e9s s\u2019adapten a tu amb <a href=\"https:\/\/www.inspiritmutua.com\/es\/\">Inspirit Mutua<\/a>.<\/p>\n\n\n\n<p>Pots <a href=\"https:\/\/www.serpreco.com\/particulars\/grupmutua\/informacio_corporativa\/on_som\" target=\"_blank\" rel=\"noopener\">demanar informaci\u00f3<\/a> i t\u2019atendrem<strong> sense cap mena de comprom\u00eds.<\/strong><\/p>\n\n\n\n<figure class=\"wp-block-image size-large\"><a href=\"https:\/\/blog.inspiritmutua.com\/cat\/wp-content\/uploads\/sites\/2\/2022\/02\/lloguer.png\"><img decoding=\"async\" width=\"1024\" height=\"576\" src=\"https:\/\/blog.inspiritmutua.com\/cat\/wp-content\/uploads\/sites\/2\/2022\/02\/lloguer-1024x576.png\" alt=\"\" class=\"wp-image-29469\" srcset=\"https:\/\/blog.inspiritmutua.com\/cat\/wp-content\/uploads\/sites\/2\/2022\/02\/lloguer-1024x576.png 1024w, https:\/\/blog.inspiritmutua.com\/cat\/wp-content\/uploads\/sites\/2\/2022\/02\/lloguer-300x169.png 300w, https:\/\/blog.inspiritmutua.com\/cat\/wp-content\/uploads\/sites\/2\/2022\/02\/lloguer-768x432.png 768w, https:\/\/blog.inspiritmutua.com\/cat\/wp-content\/uploads\/sites\/2\/2022\/02\/lloguer-1536x864.png 1536w, https:\/\/blog.inspiritmutua.com\/cat\/wp-content\/uploads\/sites\/2\/2022\/02\/lloguer.png 1920w\" sizes=\"(max-width: 1024px) 100vw, 1024px\" \/><\/a><\/figure>\n","protected":false},"excerpt":{"rendered":"<p>El Consell de Ministres ha aprovat el bo de 250 euros mensuals d\u2019ajuda per a joves d\u2019entre els 18 i els 35 anys, que neix amb l\u2019objectiu de facilitar la seva emancipaci\u00f3. <\/p>\n","protected":false},"author":8,"featured_media":29470,"comment_status":"closed","ping_status":"closed","sticky":false,"template":"","format":"standard","meta":{"footnotes":""},"categories":[21],"tags":[544,545,543,140,546,37,13,86,175,279],"class_list":["post-29467","post","type-post","status-publish","format-standard","has-post-thumbnail","hentry","category-assegurances-joves","tag-ajut-de-lloguer","tag-asseguranca-de-la-llar","tag-bo-de-250-euros","tag-enginyeria","tag-estudiant","tag-inspirit","tag-joves","tag-la-mutua-dels-enginyers","tag-universitaris","tag-universitat"],"_links":{"self":[{"href":"https:\/\/blog.inspiritmutua.com\/cat\/wp-json\/wp\/v2\/posts\/29467","targetHints":{"allow":["GET"]}}],"collection":[{"href":"https:\/\/blog.inspiritmutua.com\/cat\/wp-json\/wp\/v2\/posts"}],"about":[{"href":"https:\/\/blog.inspiritmutua.com\/cat\/wp-json\/wp\/v2\/types\/post"}],"author":[{"embeddable":true,"href":"https:\/\/blog.inspiritmutua.com\/cat\/wp-json\/wp\/v2\/users\/8"}],"replies":[{"embeddable":true,"href":"https:\/\/blog.inspiritmutua.com\/cat\/wp-json\/wp\/v2\/comments?post=29467"}],"version-history":[{"count":1,"href":"https:\/\/blog.inspiritmutua.com\/cat\/wp-json\/wp\/v2\/posts\/29467\/revisions"}],"predecessor-version":[{"id":29471,"href":"https:\/\/blog.inspiritmutua.com\/cat\/wp-json\/wp\/v2\/posts\/29467\/revisions\/29471"}],"wp:featuredmedia":[{"embeddable":true,"href":"https:\/\/blog.inspiritmutua.com\/cat\/wp-json\/wp\/v2\/media\/29470"}],"wp:attachment":[{"href":"https:\/\/blog.inspiritmutua.com\/cat\/wp-json\/wp\/v2\/media?parent=29467"}],"wp:term":[{"taxonomy":"category","embeddable":true,"href":"https:\/\/blog.inspiritmutua.com\/cat\/wp-json\/wp\/v2\/categories?post=29467"},{"taxonomy":"post_tag","embeddable":true,"href":"https:\/\/blog.inspiritmutua.com\/cat\/wp-json\/wp\/v2\/tags?post=29467"}],"curies":[{"name":"wp","href":"https:\/\/api.w.org\/{rel}","templated":true}]}}