{"id":28972,"date":"2021-06-15T15:59:06","date_gmt":"2021-06-15T13:59:06","guid":{"rendered":"https:\/\/blog.inspiritmutua.com\/cat\/?p=28972"},"modified":"2021-12-24T12:12:44","modified_gmt":"2021-12-24T10:12:44","slug":"passaport-covid-unio-europea","status":"publish","type":"post","link":"https:\/\/blog.inspiritmutua.com\/cat\/passaport-covid-unio-europea\/","title":{"rendered":"Tot el que has de saber sobre el Passaport Covid de la Uni\u00f3 Europea i els pa\u00efsos als quals pots viatjar"},"content":{"rendered":"\n<p>El&nbsp;<strong>desenvolupament de les diferents vacunes<\/strong>&nbsp;i l\u2019<strong>aven\u00e7 en el ritme de vacunaci\u00f3<\/strong>&nbsp;s\u00f3n els dos factors que estan accelerant la tornada a la nova normalitat despr\u00e9s de l\u2019impacte de la<a href=\"https:\/\/blog.inspiritmutua.com\/cat\/inspirit-mutua-viatge-covid-19\/\" data-type=\"URL\" data-id=\"https:\/\/blog.inspiritmutua.com\/cat\/inspirit-mutua-viatge-covid-19\/\"> COVID-19<\/a>. Podrem tornar a&nbsp;<strong>abra\u00e7ar&nbsp;els que m\u00e9s estimem<\/strong>,&nbsp;<strong>veure\u2019ns amb els amics&nbsp;<\/strong>i&nbsp;<strong>viatjar.&nbsp;<\/strong>Per a poder fer aix\u00f2 \u00faltim, per\u00f2, s\u2019est\u00e0 treballant per a&nbsp;aplicar mesures de seguretat que&nbsp;<strong>garanteixin la seguretat dels despla\u00e7aments<\/strong>, aix\u00ed com de les persones despla\u00e7ades.&nbsp;&nbsp;<\/p>\n\n\n\n<p>El&nbsp;<a href=\"https:\/\/www.europarl.europa.eu\/news\/es\/headlines\/priorities\/vacunas-contra-el-covid-19\/20210520STO04404\/viajes-seguros-con-el-certificado-digital-ue-covid\" target=\"_blank\" rel=\"noreferrer noopener\"><strong>Parlament&nbsp;Europeu<\/strong>&nbsp;i el&nbsp;<strong>Consell de la&nbsp;Uni\u00f3&nbsp;Europea<\/strong>&nbsp;van&nbsp;acordar, el&nbsp;passat&nbsp;21 de&nbsp;maig, la&nbsp;creaci\u00f3&nbsp;d\u2019un&nbsp;<strong>passaport&nbsp;digital&nbsp;Covid&nbsp;de la&nbsp;Uni\u00f3&nbsp;Europea<\/strong><\/a>,&nbsp;amb&nbsp;el&nbsp;qual&nbsp;les&nbsp;<strong>persones&nbsp;vacunades<\/strong>&nbsp;i\/o&nbsp;amb&nbsp;<strong>anticossos<\/strong>,&nbsp;\u00e9s&nbsp;a&nbsp;dir, que&nbsp;hagin&nbsp;passat&nbsp;la&nbsp;malaltia,&nbsp;podrien&nbsp;despla\u00e7ar-se&nbsp;lliurement&nbsp;entre&nbsp;els&nbsp;Estats&nbsp;membre de la&nbsp;Uni\u00f3&nbsp;Europea.&nbsp;Les persones que no compleixin aquests dos requisits tamb\u00e9 podran viatjar, per\u00f2 sempre presentant una&nbsp;<strong>prova PCR o d\u2019ant\u00edgens negativa&nbsp;<\/strong>pr\u00e8via al viatge.&nbsp;&nbsp;<\/p>\n\n\n\n<p>En aquest post, et donarem les claus per entendre el funcionament del passaport digital, i et recomanarem alguns pa\u00efsos de la Uni\u00f3 Europea als quals viatjar aquest estiu.&nbsp;&nbsp;<\/p>\n\n\n\n<div id=\"ez-toc-container\" class=\"ez-toc-v2_0_80 counter-hierarchy ez-toc-counter ez-toc-grey ez-toc-container-direction\">\n<div class=\"ez-toc-title-container\"><p class=\"ez-toc-title\" style=\"cursor:inherit\">Taula de continguts<\/p>\n<\/div><nav><ul class='ez-toc-list ez-toc-list-level-1 ' ><li class='ez-toc-page-1 ez-toc-heading-level-2'><a class=\"ez-toc-link ez-toc-heading-1\" href=\"https:\/\/blog.inspiritmutua.com\/cat\/passaport-covid-unio-europea\/#Viatjar_en_epoca_de_pandemia\" >Viatjar en \u00e8poca de pand\u00e8mia&nbsp;&nbsp;<\/a><\/li><li class='ez-toc-page-1 ez-toc-heading-level-2'><a class=\"ez-toc-link ez-toc-heading-2\" href=\"https:\/\/blog.inspiritmutua.com\/cat\/passaport-covid-unio-europea\/#Que_es_el_passaport_digital_Covid_de_la_Unio_Europea\" >Qu\u00e8 \u00e9s el passaport digital&nbsp;Covid&nbsp;de la Uni\u00f3 Europea?&nbsp;<\/a><\/li><li class='ez-toc-page-1 ez-toc-heading-level-2'><a class=\"ez-toc-link ez-toc-heading-3\" href=\"https:\/\/blog.inspiritmutua.com\/cat\/passaport-covid-unio-europea\/#On_puc_viatjar_amb_el_passaport_digital_Covid\" >On puc viatjar amb el passaport digital&nbsp;Covid?&nbsp;<\/a><\/li><li class='ez-toc-page-1 ez-toc-heading-level-2'><a class=\"ez-toc-link ez-toc-heading-4\" href=\"https:\/\/blog.inspiritmutua.com\/cat\/passaport-covid-unio-europea\/#Consell_Inspirit\" >Consell&nbsp;Inspirit:&nbsp;&nbsp;<\/a><\/li><\/ul><\/nav><\/div>\n<h2 class=\"wp-block-heading\"><span class=\"ez-toc-section\" id=\"Viatjar_en_epoca_de_pandemia\"><\/span><strong>Viatjar en \u00e8poca de pand\u00e8mia&nbsp;<\/strong>&nbsp;<span class=\"ez-toc-section-end\"><\/span><\/h2>\n\n\n\n<p>Fins ara, la majoria de pa\u00efsos (Estats membre, pa\u00efsos que formen part de la zona Euro, i pa\u00efsos fora de la Uni\u00f3 Europea) obligaven les persones que viatjaven&nbsp;a&nbsp;presentar&nbsp;<strong>proves PCR negatives<\/strong>, aix\u00ed com realitzar&nbsp;<strong>llargues&nbsp;quarantenes&nbsp;<\/strong>al dest\u00ed per tal de garantir la seguretat de les persones residents d\u2019aquell pa\u00eds.&nbsp;Aquestes mesures han tingut un gran impacte en sectors com el turisme, ja que buscaven frenar els despla\u00e7aments.&nbsp;&nbsp;<\/p>\n\n\n\n<p>Ara, amb&nbsp;<strong>la pand\u00e8mia estabilitzada&nbsp;a Europa<\/strong>&nbsp;i la poblaci\u00f3 de risc majorit\u00e0riament vacunada, els sectors m\u00e9s afectats, com \u00e9s el cas del turisme, reclamen mesures que els ajudin a reactivar l\u2019economia. El Parlament Europeu, aix\u00ed com els Estats membre,&nbsp;coincideixen en la necessitat de&nbsp;<strong>permetre&nbsp;<\/strong><a href=\"https:\/\/www.europarl.europa.eu\/factsheets\/es\/sheet\/147\/la-libre-circulacion-de-personas\" target=\"_blank\" rel=\"noreferrer noopener\"><strong>la&nbsp;lliure&nbsp;circulaci\u00f3 de les persones<\/strong><\/a><strong>&nbsp;als pa\u00efsos de la Uni\u00f3 Europea, un dret fonamental que consta&nbsp;en el Tractat de Maastricht de 1992.&nbsp;<\/strong>&nbsp;<\/p>\n\n\n\n<h2 class=\"wp-block-heading\"><span class=\"ez-toc-section\" id=\"Que_es_el_passaport_digital_Covid_de_la_Unio_Europea\"><\/span><strong>Qu\u00e8 \u00e9s el passaport digital&nbsp;Covid&nbsp;de la Uni\u00f3 Europea?<\/strong>&nbsp;<span class=\"ez-toc-section-end\"><\/span><\/h2>\n\n\n\n<p>El passat 21 de maig, el Parlament Europeu i el Consell de la Uni\u00f3 Europea&nbsp;van aprovar la creaci\u00f3 d\u2019un&nbsp;<strong>document que certifiqui que les persones immunitzades<\/strong>&nbsp;(b\u00e9 perqu\u00e8&nbsp;han completat la pauta de vacunaci\u00f3, o b\u00e9 perqu\u00e8 han passat la malaltia) <strong>poden despla\u00e7ar-se pels pa\u00efsos membre de la Uni\u00f3 Europea<\/strong>.&nbsp;&nbsp;<\/p>\n\n\n\n<p>Aquest document, anomenat \u201c<strong>passaport digital&nbsp;Covid<\/strong>\u201d, tamb\u00e9 \u00e9s apte per a les persones que presentin una&nbsp;<strong>prova PCR o d\u2019ant\u00edgens negativa<\/strong>&nbsp;realitzada com a m\u00e0xim&nbsp;<strong>72 hores abans del viatge<\/strong>.&nbsp;En aquest sentit, s\u2019emetran t<strong>res tipus de documents:<\/strong>&nbsp;un avalar\u00e0 la&nbsp;<strong>vacunaci\u00f3<\/strong>, un altre la&nbsp;<strong>prova realitzada<\/strong>&nbsp;(s\u2019haur\u00e0 d\u2019indicar si s\u2019ha fet PCR o prova d\u2019ant\u00edgens, la data i el resultat d\u2019aquesta) i un altre que certifica la r<strong>ecuperaci\u00f3 de la malaltia<\/strong>&nbsp;(indicant expressament que la persona ha superat el virus).&nbsp;El passaport \u00e9s&nbsp;<strong>gratu\u00eft<\/strong>&nbsp;i s\u2019emetr\u00e0 en format&nbsp;<strong>digital&nbsp;<\/strong>(amb un codi QR, que permetr\u00e0 desar-lo als dispositius digitals) o&nbsp;<strong>impr\u00e8s<\/strong>.&nbsp;D\u2019aquesta manera s\u2019evitaran les quarantenes, a menys que el pa\u00eds les imposi per motius de salut&nbsp;p\u00fablica.&nbsp;&nbsp;<\/p>\n\n\n\n<p>La Uni\u00f3 Europea posar\u00e0&nbsp;en marxa la&nbsp;<strong>infraestructura t\u00e8cnica necess\u00e0ria<\/strong>&nbsp;per a la creaci\u00f3 i emissi\u00f3 d\u2019aquest certificat.&nbsp;<a href=\"https:\/\/www.europarl.europa.eu\/news\/es\/headlines\/society\/20210603STO05415\/certificado-covid-digital-de-la-ue-ahora-depende-de-los-estados-miembros\" target=\"_blank\" rel=\"noreferrer noopener\">Cada Estat membre s\u2019encarregar\u00e0 de gestionar l\u2019emissi\u00f3 d\u2019aquests certificats<\/a>, els quals s\u2019exigeix que&nbsp;<strong>entrin&nbsp;en vigor&nbsp;el dia 1 de juliol<\/strong>.&nbsp;En el cas d\u2019Espanya, l\u2019emissi\u00f3 del certificat dependr\u00e0 de cada&nbsp;<strong>comunitat aut\u00f2noma<\/strong>, en coordinaci\u00f3 amb el&nbsp;<strong>Ministeri de Salut<\/strong>.&nbsp;&nbsp;<\/p>\n\n\n\n<h2 class=\"wp-block-heading\"><span class=\"ez-toc-section\" id=\"On_puc_viatjar_amb_el_passaport_digital_Covid\"><\/span><strong>On puc viatjar amb el passaport digital&nbsp;Covid?<\/strong>&nbsp;<span class=\"ez-toc-section-end\"><\/span><\/h2>\n\n\n\n<p>Actualment, s\u00f3n 23 els pa\u00efsos que ja compten amb la infraestructura t\u00e8cnica necess\u00e0ria per a implementar el passaport digital&nbsp;Covid, i&nbsp;<strong>9 pa\u00efsos que ja emeten i verifiquen els tres tipus de certificat<\/strong>.&nbsp;Alguns d\u2019aquests s\u00f3n la&nbsp;<strong>Rep\u00fablica Txeca, Alemanya, Bulg\u00e0ria, Gr\u00e8cia, Pol\u00f2nia, Cro\u00e0cia i Dinamarca.&nbsp;<\/strong>Altres pa\u00efsos d\u2019Europa que no posen restriccions a l\u2019hora de viatjar-hi des d\u2019Espanya s\u00f3n&nbsp;<strong>Andorra, Su\u00efssa, Alb\u00e0nia, Romania&nbsp;i Ucra\u00efna.&nbsp;<\/strong>&nbsp;<\/p>\n\n\n\n<p>Si la teva idea \u00e9s fer viatges m\u00e9s llargs i&nbsp;<strong>sortir del vell continent<\/strong>, alguns dels pa\u00efsos als quals pots accedir&nbsp;<strong>presentant una PCR pr\u00e8via al viatge<\/strong>&nbsp;s\u00f3n&nbsp;<strong>M\u00e8xic, Rep\u00fablica Dominicana, Jamaica, Brasil o Tanz\u00e0nia.&nbsp;<\/strong>&nbsp;<\/p>\n\n\n\n<p>Pa\u00efsos com els&nbsp;<strong>Estats Units, Jap\u00f3, Austr\u00e0lia, Canad\u00e0, R\u00fassia&nbsp;<\/strong>o&nbsp;<strong>Xina&nbsp;<\/strong>no permeten l\u2019entrada de turistes espanyols.&nbsp;&nbsp;<\/p>\n\n\n\n<p>El Centre per al Control i&nbsp;la Prevenci\u00f3&nbsp;de Malalties&nbsp;<a href=\"https:\/\/espanol.cdc.gov\/coronavirus\/2019-ncov\/travelers\/map-and-travel-notices.html\" target=\"_blank\" rel=\"noreferrer noopener\">ha elaborat un mapa<\/a>&nbsp;en el qual&nbsp;pots consultar el nivell de risc de COVID-19 per pa\u00efsos.&nbsp;&nbsp;<\/p>\n\n\n\n<p><strong>Comencem a veure la llum al final del t\u00fanel despr\u00e9s de tants mesos d\u2019angoixa i tancament.<\/strong>&nbsp;No obstant aix\u00f2, la principal recomanaci\u00f3 a l\u2019hora de viatjar \u00e9s&nbsp;<strong>prendre les mesures de prevenci\u00f3 adequades<\/strong>,&nbsp;<strong>respectar les mesures&nbsp;anti&nbsp;Covid<\/strong>&nbsp;adoptades pel pa\u00eds&nbsp;on ens desplacem,&nbsp;<strong>mantenir una bona higiene de mans<\/strong>&nbsp;i&nbsp;<strong>fer \u00fas de la mascareta<\/strong>. En cas de comptar amb una asseguran\u00e7a de viatge, com l\u2019<a href=\"https:\/\/www.mutua-enginyers.com\/joves\/assistencia_en_viatge\/assistencia_en_viatge\" target=\"_blank\" rel=\"noreferrer noopener\"><strong>asseguran\u00e7a&nbsp;Inspirit&nbsp;de La M\u00fatua dels Enginyers<\/strong>,<\/a>&nbsp;pots respirar tranquil perqu\u00e8,&nbsp;si passa&nbsp;qualsevol imprevist,&nbsp;<strong>cuidarem de tu<\/strong>.&nbsp;&nbsp;<\/p>\n\n\n\n<h2 class=\"wp-block-heading\"><span class=\"ez-toc-section\" id=\"Consell_Inspirit\"><\/span><strong>Consell&nbsp;Inspirit:&nbsp;<\/strong>&nbsp;<span class=\"ez-toc-section-end\"><\/span><\/h2>\n\n\n\n<p>Viatjar \u00e9s una de les coses que m\u00e9s ens enriqueixen, per\u00f2 no sempre \u00e9s f\u00e0cil coincidir amb els nostres amics i amigues o les nostres fam\u00edlies. Si no pots esperar m\u00e9s per agafar un vol per\u00f2 no vols viatjar en solitari, la comunitat de&nbsp;<a href=\"https:\/\/www.nomadizers.com\/about-nomadizers\" target=\"_blank\" rel=\"noreferrer noopener\"><strong>Nomadizers<\/strong><\/a><strong>&nbsp;<\/strong>\u00e9s la teva! Una&nbsp;<strong>manera de con\u00e8ixer viatgers com tu per descobrir nous destins i viatjar d&#8217;una manera \u00fanica amb la qual gaudir\u00e0s i viur\u00e0s el dest\u00ed des d\u2019una perspectiva completament diferent<\/strong>.&nbsp;<\/p>\n","protected":false},"excerpt":{"rendered":"<p>El&nbsp;desenvolupament de les diferents vacunes&nbsp;i l\u2019aven\u00e7 en el ritme de vacunaci\u00f3&nbsp;s\u00f3n els dos factors que estan accelerant la tornada a la nova normalitat despr\u00e9s de l\u2019impacte de la COVID-19. Podrem tornar a&nbsp;abra\u00e7ar&nbsp;els que m\u00e9s estimem,&nbsp;veure\u2019ns amb els amics&nbsp;i&nbsp;viatjar.&nbsp;Per a poder fer aix\u00f2 \u00faltim, per\u00f2, s\u2019est\u00e0 treballant per a&nbsp;aplicar mesures de seguretat que&nbsp;garanteixin la seguretat dels &#8230; <a title=\"Tot el que has de saber sobre el Passaport Covid de la Uni\u00f3 Europea i els pa\u00efsos als quals pots viatjar\" class=\"read-more\" href=\"https:\/\/blog.inspiritmutua.com\/cat\/passaport-covid-unio-europea\/\" aria-label=\"M\u00e9s informaci\u00f3 sobre Tot el que has de saber sobre el Passaport Covid de la Uni\u00f3 Europea i els pa\u00efsos als quals pots viatjar\">Llegiu m\u00e9s<\/a><\/p>\n","protected":false},"author":6,"featured_media":28977,"comment_status":"closed","ping_status":"closed","sticky":false,"template":"","format":"standard","meta":{"footnotes":""},"categories":[421],"tags":[451,473,488],"class_list":["post-28972","post","type-post","status-publish","format-standard","has-post-thumbnail","hentry","category-viatjar","tag-viatjarperlaue","tag-covid-19-2","tag-passaport"],"_links":{"self":[{"href":"https:\/\/blog.inspiritmutua.com\/cat\/wp-json\/wp\/v2\/posts\/28972","targetHints":{"allow":["GET"]}}],"collection":[{"href":"https:\/\/blog.inspiritmutua.com\/cat\/wp-json\/wp\/v2\/posts"}],"about":[{"href":"https:\/\/blog.inspiritmutua.com\/cat\/wp-json\/wp\/v2\/types\/post"}],"author":[{"embeddable":true,"href":"https:\/\/blog.inspiritmutua.com\/cat\/wp-json\/wp\/v2\/users\/6"}],"replies":[{"embeddable":true,"href":"https:\/\/blog.inspiritmutua.com\/cat\/wp-json\/wp\/v2\/comments?post=28972"}],"version-history":[{"count":5,"href":"https:\/\/blog.inspiritmutua.com\/cat\/wp-json\/wp\/v2\/posts\/28972\/revisions"}],"predecessor-version":[{"id":29014,"href":"https:\/\/blog.inspiritmutua.com\/cat\/wp-json\/wp\/v2\/posts\/28972\/revisions\/29014"}],"wp:featuredmedia":[{"embeddable":true,"href":"https:\/\/blog.inspiritmutua.com\/cat\/wp-json\/wp\/v2\/media\/28977"}],"wp:attachment":[{"href":"https:\/\/blog.inspiritmutua.com\/cat\/wp-json\/wp\/v2\/media?parent=28972"}],"wp:term":[{"taxonomy":"category","embeddable":true,"href":"https:\/\/blog.inspiritmutua.com\/cat\/wp-json\/wp\/v2\/categories?post=28972"},{"taxonomy":"post_tag","embeddable":true,"href":"https:\/\/blog.inspiritmutua.com\/cat\/wp-json\/wp\/v2\/tags?post=28972"}],"curies":[{"name":"wp","href":"https:\/\/api.w.org\/{rel}","templated":true}]}}