{"id":27439,"date":"2016-11-07T10:21:38","date_gmt":"2016-11-07T08:21:38","guid":{"rendered":"http:\/\/www.estudiaryemprenderingenieria.com\/?p=27439"},"modified":"2021-12-27T11:48:20","modified_gmt":"2021-12-27T09:48:20","slug":"conveni-collaboracio-uvic","status":"publish","type":"post","link":"https:\/\/blog.inspiritmutua.com\/cat\/conveni-collaboracio-uvic\/","title":{"rendered":"Conveni de col\u00b7laboraci\u00f3 amb la Universitat de Vic"},"content":{"rendered":"<p><a href=\"http:\/\/blog.inspiritmutua.com\/cat\/wp-content\/uploads\/sites\/2\/2016\/11\/1-8-e1478517630511.jpg\" target=\"_blank\" rel=\"noopener noreferrer\"><img fetchpriority=\"high\" decoding=\"async\" class=\"alignnone size-medium wp-image-27478\" src=\"http:\/\/blog.inspiritmutua.com\/cat\/wp-content\/uploads\/sites\/2\/2016\/11\/1-8-e1478517630511-200x300.jpg\" alt=\"1\" width=\"200\" height=\"300\" srcset=\"https:\/\/blog.inspiritmutua.com\/cat\/wp-content\/uploads\/sites\/2\/2016\/11\/1-8-e1478517630511-200x300.jpg 200w, https:\/\/blog.inspiritmutua.com\/cat\/wp-content\/uploads\/sites\/2\/2016\/11\/1-8-e1478517630511-768x1152.jpg 768w, https:\/\/blog.inspiritmutua.com\/cat\/wp-content\/uploads\/sites\/2\/2016\/11\/1-8-e1478517630511-683x1024.jpg 683w\" sizes=\"(max-width: 200px) 100vw, 200px\" \/><\/a><br \/>\n<b>Conveni de col\u00b7laboraci\u00f3 amb la Universitat de Vic &#8211; Universitat Central de Catalunya<\/b><\/p>\n<p align=\"justify\">La M\u00fatua dels Enginyers, representada pel seu president, el Sr. Joan Munt, i la Universitat de Vic, representada pel seu rector, el Sr. Jordi Monta\u00f1a, han signat l\u2019acord de col\u2022laboraci\u00f3 entre ambdues entitats.<\/p>\n<p align=\"justify\">El conveni de col\u00b7laboraci\u00f3 que han signat la Universitat de Vic &#8211; Universitat Central de Catalunya i La M\u00fatua dels Enginyers t\u00e9 la finalitat de promoure la mobilitat internacional entre estudiants de grau de l\u2019\u00e0mbit de l\u2019enginyeria. La M\u00fatua dels Enginyers ofereix dues beques especials de mobilitat internacional per curs acad\u00e8mic a estudiants d\u2019un dels graus d\u2019enginyeria que oferta la UVic-UCC.<\/p>\n<p align=\"justify\">A continuaci\u00f3 trobareu les fotografies de l\u2019acte, aix\u00ed com l\u2019enlla\u00e7 a la not\u00edcia a la web de la Universitat:<\/p>\n<p><a href=\"http:\/\/mon.uvic.cat\/lapunt\/2016\/11\/03\/la-mutua-denginyers-atorgara-dues-beques-anuals-per-a-la-mobilitat-internacional-destudiants-de-la-uvic-ucc\/\" target=\"_blank\" rel=\"noopener noreferrer\">http:\/\/mon.uvic.cat\/lapunt\/2016\/11\/03\/la-mutua-denginyers-atorgara-dues-beques-anuals-per-a-la-mobilitat-internacional-destudiants-de-la-uvic-ucc\/<\/a><\/p>\n","protected":false},"excerpt":{"rendered":"<p>Conveni de col\u00b7laboraci\u00f3 amb la Universitat de Vic &#8211; Universitat Central de Catalunya La M\u00fatua dels Enginyers, representada pel seu president, el Sr. Joan Munt, i la Universitat de Vic, representada pel seu rector, el Sr. Jordi Monta\u00f1a, han signat l\u2019acord de col\u2022laboraci\u00f3 entre ambdues entitats. El conveni de col\u00b7laboraci\u00f3 que han signat la Universitat &#8230; <a title=\"Conveni de col\u00b7laboraci\u00f3 amb la Universitat de Vic\" class=\"read-more\" href=\"https:\/\/blog.inspiritmutua.com\/cat\/conveni-collaboracio-uvic\/\" aria-label=\"M\u00e9s informaci\u00f3 sobre Conveni de col\u00b7laboraci\u00f3 amb la Universitat de Vic\">Llegiu m\u00e9s<\/a><\/p>\n","protected":false},"author":1,"featured_media":27460,"comment_status":"open","ping_status":"open","sticky":false,"template":"","format":"standard","meta":{"footnotes":""},"categories":[130],"tags":[180,237,239,140,86,279],"class_list":["post-27439","post","type-post","status-publish","format-standard","has-post-thumbnail","hentry","category-universitat","tag-ajudes","tag-beques","tag-beques-per-a-enginyers","tag-enginyeria","tag-la-mutua-dels-enginyers","tag-universitat"],"_links":{"self":[{"href":"https:\/\/blog.inspiritmutua.com\/cat\/wp-json\/wp\/v2\/posts\/27439","targetHints":{"allow":["GET"]}}],"collection":[{"href":"https:\/\/blog.inspiritmutua.com\/cat\/wp-json\/wp\/v2\/posts"}],"about":[{"href":"https:\/\/blog.inspiritmutua.com\/cat\/wp-json\/wp\/v2\/types\/post"}],"author":[{"embeddable":true,"href":"https:\/\/blog.inspiritmutua.com\/cat\/wp-json\/wp\/v2\/users\/1"}],"replies":[{"embeddable":true,"href":"https:\/\/blog.inspiritmutua.com\/cat\/wp-json\/wp\/v2\/comments?post=27439"}],"version-history":[{"count":2,"href":"https:\/\/blog.inspiritmutua.com\/cat\/wp-json\/wp\/v2\/posts\/27439\/revisions"}],"predecessor-version":[{"id":29233,"href":"https:\/\/blog.inspiritmutua.com\/cat\/wp-json\/wp\/v2\/posts\/27439\/revisions\/29233"}],"wp:featuredmedia":[{"embeddable":true,"href":"https:\/\/blog.inspiritmutua.com\/cat\/wp-json\/wp\/v2\/media\/27460"}],"wp:attachment":[{"href":"https:\/\/blog.inspiritmutua.com\/cat\/wp-json\/wp\/v2\/media?parent=27439"}],"wp:term":[{"taxonomy":"category","embeddable":true,"href":"https:\/\/blog.inspiritmutua.com\/cat\/wp-json\/wp\/v2\/categories?post=27439"},{"taxonomy":"post_tag","embeddable":true,"href":"https:\/\/blog.inspiritmutua.com\/cat\/wp-json\/wp\/v2\/tags?post=27439"}],"curies":[{"name":"wp","href":"https:\/\/api.w.org\/{rel}","templated":true}]}}